{"id":378,"date":"2023-07-10T15:46:38","date_gmt":"2023-07-10T15:46:38","guid":{"rendered":"https:\/\/reisemedizinbonn.de\/?p=378"},"modified":"2023-07-10T15:46:39","modified_gmt":"2023-07-10T15:46:39","slug":"das-minarett-in-den-bergen-portraet-eines-unvermuteten-europas","status":"publish","type":"post","link":"https:\/\/reisemedizinbonn.de\/index.php\/2023\/07\/10\/das-minarett-in-den-bergen-portraet-eines-unvermuteten-europas\/","title":{"rendered":"Das Minarett in den Bergen \u2013 Portr\u00e4t eines unvermuteten Europas"},"content":{"rendered":"\n<div class=\"wp-block-media-text alignwide is-stacked-on-mobile\" style=\"grid-template-columns:30% auto\"><figure class=\"wp-block-media-text__media\"><img loading=\"lazy\" decoding=\"async\" width=\"435\" height=\"700\" src=\"https:\/\/reisemedizin.dyndns.org\/wp-content\/uploads\/2023\/07\/9783365003114_b51bbc1c-7877-4855-ab9d-6e19de1a9c5b_x700.webp\" alt=\"\" class=\"wp-image-379 size-full\" srcset=\"https:\/\/reisemedizinbonn.de\/wp-content\/uploads\/2023\/07\/9783365003114_b51bbc1c-7877-4855-ab9d-6e19de1a9c5b_x700.webp 435w, https:\/\/reisemedizinbonn.de\/wp-content\/uploads\/2023\/07\/9783365003114_b51bbc1c-7877-4855-ab9d-6e19de1a9c5b_x700-186x300.webp 186w\" sizes=\"auto, (max-width: 435px) 100vw, 435px\" \/><\/figure><div class=\"wp-block-media-text__content\">\n<p class=\"has-small-font-size\"><em>Tharik Hussain (Autor), \u00fcbersetzt von Elisabeth Schmalen; HarperCollins; erschienen 2023<\/em><\/p>\n\n\n\n<p><strong>Von Sarajewo bis zur Adria \u2013 eine Reise durch das muslimische Europa<\/strong><\/p>\n\n\n\n<p>Der westliche Balkan, von vielen verschrien als ungastlicher Ort, zerrissen von ethnischen Konflikten, ist bis heute die Heimat der gr\u00f6\u00dften indigenen muslimischen Bev\u00f6lkerung Europas. Tharik Hussain begibt sich auf die Spuren der Menschen und Orte, deren reichhaltige Kultur seit einem halben Jahrtausend durch den Islam und Europa gepr\u00e4gt werden. Abseits ausgetretener Pfade besucht er mystische Bergh\u00fctten und osmanische Bauwerke, deren Errichtung \u00fcber Jahrhunderte den R\u00f6mern zugeschrieben wurde \u2013 und er geht den Wurzeln der europ\u00e4ischen Islamophobie auf den Grund: Wie k\u00f6nnen wir unsere Identit\u00e4t in Europa neu denken? Und wer entscheidet dar\u00fcber?<\/p>\n\n\n\n<p>Mit sensiblem Blick f\u00fcr die Geschichten der Menschen \u00f6ffnet Tharik Hussain f\u00fcr die Vielfalt dieses noch immer lebendigen Erbes, einer verborgenen muslimischen Heimat, die wir entdecken m\u00fcssen, wenn wir Europa neu begreifen wollen.<\/p>\n\n\n\n<p class=\"has-small-font-size\"><em>ISBN: 9783365003114<\/em><\/p>\n<\/div><\/div>\n","protected":false},"excerpt":{"rendered":"<p>Tharik Hussain (Autor), \u00fcbersetzt von Elisabeth Schmalen; HarperCollins; erschienen 2023 Von Sarajewo bis zur Adria \u2013 eine Reise durch das muslimische Europa Der westliche Balkan, von vielen verschrien als ungastlicher Ort, zerrissen von ethnischen Konflikten, ist bis heute die Heimat der gr\u00f6\u00dften indigenen muslimischen Bev\u00f6lkerung Europas. Tharik Hussain begibt sich [&hellip;]<\/p>\n","protected":false},"author":1,"featured_media":379,"comment_status":"closed","ping_status":"closed","sticky":false,"template":"","format":"standard","meta":{"footnotes":""},"categories":[44],"tags":[],"class_list":["post-378","post","type-post","status-publish","format-standard","has-post-thumbnail","hentry","category-reiseliteratur"],"_links":{"self":[{"href":"https:\/\/reisemedizinbonn.de\/index.php\/wp-json\/wp\/v2\/posts\/378","targetHints":{"allow":["GET"]}}],"collection":[{"href":"https:\/\/reisemedizinbonn.de\/index.php\/wp-json\/wp\/v2\/posts"}],"about":[{"href":"https:\/\/reisemedizinbonn.de\/index.php\/wp-json\/wp\/v2\/types\/post"}],"author":[{"embeddable":true,"href":"https:\/\/reisemedizinbonn.de\/index.php\/wp-json\/wp\/v2\/users\/1"}],"replies":[{"embeddable":true,"href":"https:\/\/reisemedizinbonn.de\/index.php\/wp-json\/wp\/v2\/comments?post=378"}],"version-history":[{"count":1,"href":"https:\/\/reisemedizinbonn.de\/index.php\/wp-json\/wp\/v2\/posts\/378\/revisions"}],"predecessor-version":[{"id":380,"href":"https:\/\/reisemedizinbonn.de\/index.php\/wp-json\/wp\/v2\/posts\/378\/revisions\/380"}],"wp:featuredmedia":[{"embeddable":true,"href":"https:\/\/reisemedizinbonn.de\/index.php\/wp-json\/wp\/v2\/media\/379"}],"wp:attachment":[{"href":"https:\/\/reisemedizinbonn.de\/index.php\/wp-json\/wp\/v2\/media?parent=378"}],"wp:term":[{"taxonomy":"category","embeddable":true,"href":"https:\/\/reisemedizinbonn.de\/index.php\/wp-json\/wp\/v2\/categories?post=378"},{"taxonomy":"post_tag","embeddable":true,"href":"https:\/\/reisemedizinbonn.de\/index.php\/wp-json\/wp\/v2\/tags?post=378"}],"curies":[{"name":"wp","href":"https:\/\/api.w.org\/{rel}","templated":true}]}}